{"id":524,"date":"2013-03-07T13:23:25","date_gmt":"2013-03-07T12:23:25","guid":{"rendered":"http:\/\/www.lesventsdanches.fr\/ensemble-de-clarinettes\/?p=524"},"modified":"2023-04-08T12:47:02","modified_gmt":"2023-04-08T11:47:02","slug":"rencontre-musicale-en-pays-houdanais","status":"publish","type":"post","link":"https:\/\/www.lesventsdanches.fr\/ensemble-de-clarinettes\/rencontre-musicale-en-pays-houdanais\/","title":{"rendered":"Rencontre musicale en Pays Houdanais avec l&rsquo;ensemble de clarinettes \u00ab\u00a0Les Vents d&rsquo;Anches\u00a0\u00bb"},"content":{"rendered":"<p>Soyez nombreux \u00e0 rejoindre notre ensemble de clarinettes, le 23 mars de 14h \u00e0 20h pour le FESTIVAL DE MUSIQUE, organis\u00e9 par l&rsquo;Ecole de Musique de HOUDAN, auquel nous participons aux c\u00f4t\u00e9s de nombreux autres ensembles :<\/p>\n<ul>\n<li><span style=\"line-height: 1.714285714; font-size: 1rem;\">l&rsquo;Harmonie de <a title=\"Soci\u00e9t\u00e9 Musicale de B\u00fb\" href=\"http:\/\/smbu.free.fr\/\" target=\"_blank\" rel=\"noopener\">B\u00fb<\/a>,<\/span><\/li>\n<li>l&rsquo;orchestre de Coudres (la c\u00e9l\u00e8bre <a title=\"www.chacoulienne.com\" href=\"http:\/\/www.chacoulienne.com\" target=\"_blank\" rel=\"noopener\">Chacoulienne<\/a> !!),<\/li>\n<li>L&rsquo;Ensemble de Clarinettes \u00ab\u00a0Eclats d&rsquo;Eb\u00e8ne\u00a0\u00bb\u00a0de Sartrouville,<\/li>\n<li>La Lyre Amicale de <a title=\"Lyre Amicale de Poissy\" href=\"http:\/\/lyreamicaledepoissy.fr\/\" target=\"_blank\" rel=\"noopener\">Poissy<\/a>,<\/li>\n<li>l&rsquo;Ensemble de Houdan.<\/li>\n<\/ul>\n<p><span style=\"line-height: 1.714285714; font-size: 1rem;\">Lieu : Salle des f\u00eates de Houdan.\u00a0<\/span><\/p>\n<p><a title=\"www.ecolemusiquehoudan.fr\" href=\"www.ecolemusiquehoudan.fr\" target=\"_blank\" rel=\"noopener\"><img loading=\"lazy\" decoding=\"async\" class=\"alignnone size-full wp-image-525\" src=\"http:\/\/www.lesventsdanches.fr\/wp-content\/uploads\/2013\/06\/Rencontre-musicale-festival-en-pays-houdanais.jpg\" alt=\"ensemble de clarinettes\" width=\"500\" height=\"739\" srcset=\"https:\/\/www.lesventsdanches.fr\/wp-content\/uploads\/2013\/06\/Rencontre-musicale-festival-en-pays-houdanais.jpg 500w, https:\/\/www.lesventsdanches.fr\/wp-content\/uploads\/2013\/06\/Rencontre-musicale-festival-en-pays-houdanais-202x300.jpg 202w\" sizes=\"auto, (max-width: 500px) 100vw, 500px\" \/><\/a><\/p>\n<div id=\"wp_fb_like_button\" style=\"margin:5px 5px 5px 0;float:left;height:100px;\"><script src=\"http:\/\/connect.facebook.net\/en_US\/all.js#xfbml=1\"><\/script><fb:like href=\"https:\/\/www.lesventsdanches.fr\/ensemble-de-clarinettes\/rencontre-musicale-en-pays-houdanais\/\" send=\"true\" layout=\"standard\" width=\"400\" show_faces=\"false\" font=\"arial\" action=\"like\" colorscheme=\"light\"><\/fb:like><\/div>","protected":false},"excerpt":{"rendered":"<p>Soyez nombreux \u00e0 rejoindre notre ensemble de clarinettes, le 23 mars de 14h \u00e0 20h pour le FESTIVAL DE MUSIQUE, organis\u00e9 par l&rsquo;Ecole de Musique de HOUDAN, auquel nous participons aux c\u00f4t\u00e9s de nombreux autres ensembles : l&rsquo;Harmonie de B\u00fb, l&rsquo;orchestre de Coudres (la c\u00e9l\u00e8bre Chacoulienne !!), L&rsquo;Ensemble de Clarinettes \u00ab\u00a0Eclats d&rsquo;Eb\u00e8ne\u00a0\u00bb\u00a0de Sartrouville, La Lyre [&hellip;]<\/p>\n","protected":false},"author":2,"featured_media":0,"comment_status":"closed","ping_status":"open","sticky":false,"template":"","format":"standard","meta":{"jetpack_post_was_ever_published":false,"_jetpack_newsletter_access":"","_jetpack_dont_email_post_to_subs":true,"_jetpack_newsletter_tier_id":0,"footnotes":"","jetpack_publicize_message":"","jetpack_publicize_feature_enabled":true,"jetpack_social_post_already_shared":false,"jetpack_social_options":{"image_generator_settings":{"template":"highway","enabled":false}}},"categories":[5],"tags":[10,9,8],"class_list":["post-524","post","type-post","status-publish","format-standard","hentry","category-festival","tag-ecole-de-musique","tag-orchestre","tag-rencontre-musicale"],"jetpack_publicize_connections":[],"yoast_head":"<!-- This site is optimized with the Yoast SEO plugin v22.1 - https:\/\/yoast.com\/wordpress\/plugins\/seo\/ -->\n<title>Rencontre musicale en Pays Houdanais avec l&#039;ensemble de clarinettes &quot;Les Vents d&#039;Anches&quot; - Les Vents d&#039;Anches<\/title>\n<meta name=\"description\" content=\"Soyez nombreux \u00e0 rejoindre notre ensemble de clarinettes &quot;Les Vents d&#039;Anches&quot; lors du festival de musique organis\u00e9 par l&#039;Ecole de Musique de Houdan.\" \/>\n<meta name=\"robots\" content=\"index, follow, max-snippet:-1, max-image-preview:large, max-video-preview:-1\" \/>\n<link rel=\"canonical\" href=\"http:\/\/www.lesventsdanches.fr\/ensemble-de-clarinettes\/rencontre-musicale-en-pays-houdanais\/\" \/>\n<meta property=\"og:locale\" content=\"fr_FR\" \/>\n<meta property=\"og:type\" content=\"article\" \/>\n<meta property=\"og:title\" content=\"Rencontre musicale en Pays Houdanais avec l&#039;ensemble de clarinettes &quot;Les Vents d&#039;Anches&quot; - Les Vents d&#039;Anches\" \/>\n<meta property=\"og:description\" content=\"Soyez nombreux \u00e0 rejoindre notre ensemble de clarinettes &quot;Les Vents d&#039;Anches&quot; lors du festival de musique organis\u00e9 par l&#039;Ecole de Musique de Houdan.\" \/>\n<meta property=\"og:url\" content=\"http:\/\/www.lesventsdanches.fr\/ensemble-de-clarinettes\/rencontre-musicale-en-pays-houdanais\/\" \/>\n<meta property=\"og:site_name\" content=\"Les Vents d&#039;Anches\" \/>\n<meta property=\"article:published_time\" content=\"2013-03-07T12:23:25+00:00\" \/>\n<meta property=\"article:modified_time\" content=\"2023-04-08T11:47:02+00:00\" \/>\n<meta property=\"og:image\" content=\"http:\/\/www.lesventsdanches.fr\/wp-content\/uploads\/2013\/06\/Rencontre-musicale-festival-en-pays-houdanais.jpg\" \/>\n<meta name=\"author\" content=\"Les Vents d&#039;Anches\" \/>\n<meta name=\"twitter:label1\" content=\"\u00c9crit par\" \/>\n\t<meta name=\"twitter:data1\" content=\"Les Vents d'Anches\" \/>\n<script type=\"application\/ld+json\" class=\"yoast-schema-graph\">{\"@context\":\"https:\/\/schema.org\",\"@graph\":[{\"@type\":\"WebPage\",\"@id\":\"http:\/\/www.lesventsdanches.fr\/ensemble-de-clarinettes\/rencontre-musicale-en-pays-houdanais\/\",\"url\":\"http:\/\/www.lesventsdanches.fr\/ensemble-de-clarinettes\/rencontre-musicale-en-pays-houdanais\/\",\"name\":\"Rencontre musicale en Pays Houdanais avec l'ensemble de clarinettes \\\"Les Vents d'Anches\\\" - Les Vents d&#039;Anches\",\"isPartOf\":{\"@id\":\"http:\/\/www.lesventsdanches.fr\/ensemble-de-clarinettes\/#website\"},\"datePublished\":\"2013-03-07T12:23:25+00:00\",\"dateModified\":\"2023-04-08T11:47:02+00:00\",\"author\":{\"@id\":\"http:\/\/www.lesventsdanches.fr\/ensemble-de-clarinettes\/#\/schema\/person\/d623e7f40728f1b29e49c626fdb515d7\"},\"description\":\"Soyez nombreux \u00e0 rejoindre notre ensemble de clarinettes \\\"Les Vents d'Anches\\\" lors du festival de musique organis\u00e9 par l'Ecole de Musique de Houdan.\",\"breadcrumb\":{\"@id\":\"http:\/\/www.lesventsdanches.fr\/ensemble-de-clarinettes\/rencontre-musicale-en-pays-houdanais\/#breadcrumb\"},\"inLanguage\":\"fr-FR\",\"potentialAction\":[{\"@type\":\"ReadAction\",\"target\":[\"http:\/\/www.lesventsdanches.fr\/ensemble-de-clarinettes\/rencontre-musicale-en-pays-houdanais\/\"]}]},{\"@type\":\"BreadcrumbList\",\"@id\":\"http:\/\/www.lesventsdanches.fr\/ensemble-de-clarinettes\/rencontre-musicale-en-pays-houdanais\/#breadcrumb\",\"itemListElement\":[{\"@type\":\"ListItem\",\"position\":1,\"name\":\"Accueil\",\"item\":\"http:\/\/www.lesventsdanches.fr\/ensemble-de-clarinettes\/\"},{\"@type\":\"ListItem\",\"position\":2,\"name\":\"Rencontre musicale en Pays Houdanais avec l&rsquo;ensemble de clarinettes \u00ab\u00a0Les Vents d&rsquo;Anches\u00a0\u00bb\"}]},{\"@type\":\"WebSite\",\"@id\":\"http:\/\/www.lesventsdanches.fr\/ensemble-de-clarinettes\/#website\",\"url\":\"http:\/\/www.lesventsdanches.fr\/ensemble-de-clarinettes\/\",\"name\":\"Les Vents d&#039;Anches\",\"description\":\"Ensemble de clarinettes\",\"potentialAction\":[{\"@type\":\"SearchAction\",\"target\":{\"@type\":\"EntryPoint\",\"urlTemplate\":\"http:\/\/www.lesventsdanches.fr\/ensemble-de-clarinettes\/?s={search_term_string}\"},\"query-input\":\"required name=search_term_string\"}],\"inLanguage\":\"fr-FR\"},{\"@type\":\"Person\",\"@id\":\"http:\/\/www.lesventsdanches.fr\/ensemble-de-clarinettes\/#\/schema\/person\/d623e7f40728f1b29e49c626fdb515d7\",\"name\":\"Les Vents d'Anches\",\"image\":{\"@type\":\"ImageObject\",\"inLanguage\":\"fr-FR\",\"@id\":\"http:\/\/www.lesventsdanches.fr\/ensemble-de-clarinettes\/#\/schema\/person\/image\/\",\"url\":\"https:\/\/secure.gravatar.com\/avatar\/48aaf4fc1d9f8e02fa35d7cd176452855885b2c4ad8558c3e976beb9005d2963?s=96&d=mm&r=g\",\"contentUrl\":\"https:\/\/secure.gravatar.com\/avatar\/48aaf4fc1d9f8e02fa35d7cd176452855885b2c4ad8558c3e976beb9005d2963?s=96&d=mm&r=g\",\"caption\":\"Les Vents d'Anches\"},\"sameAs\":[\"http:\/\/www.lesventsdanches.fr\",\"https:\/\/twitter.com\/lesventsdanches\"]}]}<\/script>\n<!-- \/ Yoast SEO plugin. -->","yoast_head_json":{"title":"Rencontre musicale en Pays Houdanais avec l'ensemble de clarinettes \"Les Vents d'Anches\" - Les Vents d&#039;Anches","description":"Soyez nombreux \u00e0 rejoindre notre ensemble de clarinettes \"Les Vents d'Anches\" lors du festival de musique organis\u00e9 par l'Ecole de Musique de Houdan.","robots":{"index":"index","follow":"follow","max-snippet":"max-snippet:-1","max-image-preview":"max-image-preview:large","max-video-preview":"max-video-preview:-1"},"canonical":"http:\/\/www.lesventsdanches.fr\/ensemble-de-clarinettes\/rencontre-musicale-en-pays-houdanais\/","og_locale":"fr_FR","og_type":"article","og_title":"Rencontre musicale en Pays Houdanais avec l'ensemble de clarinettes \"Les Vents d'Anches\" - Les Vents d&#039;Anches","og_description":"Soyez nombreux \u00e0 rejoindre notre ensemble de clarinettes \"Les Vents d'Anches\" lors du festival de musique organis\u00e9 par l'Ecole de Musique de Houdan.","og_url":"http:\/\/www.lesventsdanches.fr\/ensemble-de-clarinettes\/rencontre-musicale-en-pays-houdanais\/","og_site_name":"Les Vents d&#039;Anches","article_published_time":"2013-03-07T12:23:25+00:00","article_modified_time":"2023-04-08T11:47:02+00:00","og_image":[{"url":"http:\/\/www.lesventsdanches.fr\/wp-content\/uploads\/2013\/06\/Rencontre-musicale-festival-en-pays-houdanais.jpg"}],"author":"Les Vents d'Anches","twitter_misc":{"\u00c9crit par":"Les Vents d'Anches"},"schema":{"@context":"https:\/\/schema.org","@graph":[{"@type":"WebPage","@id":"http:\/\/www.lesventsdanches.fr\/ensemble-de-clarinettes\/rencontre-musicale-en-pays-houdanais\/","url":"http:\/\/www.lesventsdanches.fr\/ensemble-de-clarinettes\/rencontre-musicale-en-pays-houdanais\/","name":"Rencontre musicale en Pays Houdanais avec l'ensemble de clarinettes \"Les Vents d'Anches\" - Les Vents d&#039;Anches","isPartOf":{"@id":"http:\/\/www.lesventsdanches.fr\/ensemble-de-clarinettes\/#website"},"datePublished":"2013-03-07T12:23:25+00:00","dateModified":"2023-04-08T11:47:02+00:00","author":{"@id":"http:\/\/www.lesventsdanches.fr\/ensemble-de-clarinettes\/#\/schema\/person\/d623e7f40728f1b29e49c626fdb515d7"},"description":"Soyez nombreux \u00e0 rejoindre notre ensemble de clarinettes \"Les Vents d'Anches\" lors du festival de musique organis\u00e9 par l'Ecole de Musique de Houdan.","breadcrumb":{"@id":"http:\/\/www.lesventsdanches.fr\/ensemble-de-clarinettes\/rencontre-musicale-en-pays-houdanais\/#breadcrumb"},"inLanguage":"fr-FR","potentialAction":[{"@type":"ReadAction","target":["http:\/\/www.lesventsdanches.fr\/ensemble-de-clarinettes\/rencontre-musicale-en-pays-houdanais\/"]}]},{"@type":"BreadcrumbList","@id":"http:\/\/www.lesventsdanches.fr\/ensemble-de-clarinettes\/rencontre-musicale-en-pays-houdanais\/#breadcrumb","itemListElement":[{"@type":"ListItem","position":1,"name":"Accueil","item":"http:\/\/www.lesventsdanches.fr\/ensemble-de-clarinettes\/"},{"@type":"ListItem","position":2,"name":"Rencontre musicale en Pays Houdanais avec l&rsquo;ensemble de clarinettes \u00ab\u00a0Les Vents d&rsquo;Anches\u00a0\u00bb"}]},{"@type":"WebSite","@id":"http:\/\/www.lesventsdanches.fr\/ensemble-de-clarinettes\/#website","url":"http:\/\/www.lesventsdanches.fr\/ensemble-de-clarinettes\/","name":"Les Vents d&#039;Anches","description":"Ensemble de clarinettes","potentialAction":[{"@type":"SearchAction","target":{"@type":"EntryPoint","urlTemplate":"http:\/\/www.lesventsdanches.fr\/ensemble-de-clarinettes\/?s={search_term_string}"},"query-input":"required name=search_term_string"}],"inLanguage":"fr-FR"},{"@type":"Person","@id":"http:\/\/www.lesventsdanches.fr\/ensemble-de-clarinettes\/#\/schema\/person\/d623e7f40728f1b29e49c626fdb515d7","name":"Les Vents d'Anches","image":{"@type":"ImageObject","inLanguage":"fr-FR","@id":"http:\/\/www.lesventsdanches.fr\/ensemble-de-clarinettes\/#\/schema\/person\/image\/","url":"https:\/\/secure.gravatar.com\/avatar\/48aaf4fc1d9f8e02fa35d7cd176452855885b2c4ad8558c3e976beb9005d2963?s=96&d=mm&r=g","contentUrl":"https:\/\/secure.gravatar.com\/avatar\/48aaf4fc1d9f8e02fa35d7cd176452855885b2c4ad8558c3e976beb9005d2963?s=96&d=mm&r=g","caption":"Les Vents d'Anches"},"sameAs":["http:\/\/www.lesventsdanches.fr","https:\/\/twitter.com\/lesventsdanches"]}]}},"jetpack_featured_media_url":"","jetpack_sharing_enabled":true,"jetpack_shortlink":"https:\/\/wp.me\/p8bxUG-8s","_links":{"self":[{"href":"https:\/\/www.lesventsdanches.fr\/ensemble-de-clarinettes\/wp-json\/wp\/v2\/posts\/524","targetHints":{"allow":["GET"]}}],"collection":[{"href":"https:\/\/www.lesventsdanches.fr\/ensemble-de-clarinettes\/wp-json\/wp\/v2\/posts"}],"about":[{"href":"https:\/\/www.lesventsdanches.fr\/ensemble-de-clarinettes\/wp-json\/wp\/v2\/types\/post"}],"author":[{"embeddable":true,"href":"https:\/\/www.lesventsdanches.fr\/ensemble-de-clarinettes\/wp-json\/wp\/v2\/users\/2"}],"replies":[{"embeddable":true,"href":"https:\/\/www.lesventsdanches.fr\/ensemble-de-clarinettes\/wp-json\/wp\/v2\/comments?post=524"}],"version-history":[{"count":13,"href":"https:\/\/www.lesventsdanches.fr\/ensemble-de-clarinettes\/wp-json\/wp\/v2\/posts\/524\/revisions"}],"predecessor-version":[{"id":1136,"href":"https:\/\/www.lesventsdanches.fr\/ensemble-de-clarinettes\/wp-json\/wp\/v2\/posts\/524\/revisions\/1136"}],"wp:attachment":[{"href":"https:\/\/www.lesventsdanches.fr\/ensemble-de-clarinettes\/wp-json\/wp\/v2\/media?parent=524"}],"wp:term":[{"taxonomy":"category","embeddable":true,"href":"https:\/\/www.lesventsdanches.fr\/ensemble-de-clarinettes\/wp-json\/wp\/v2\/categories?post=524"},{"taxonomy":"post_tag","embeddable":true,"href":"https:\/\/www.lesventsdanches.fr\/ensemble-de-clarinettes\/wp-json\/wp\/v2\/tags?post=524"}],"curies":[{"name":"wp","href":"https:\/\/api.w.org\/{rel}","templated":true}]}}