{"id":795,"date":"2014-09-02T08:10:15","date_gmt":"2014-09-02T07:10:15","guid":{"rendered":"http:\/\/www.lesventsdanches.fr\/ensemble-de-clarinettes\/?p=795"},"modified":"2023-04-08T12:44:50","modified_gmt":"2023-04-08T11:44:50","slug":"concert-journees-du-patrimoine-a-hermeray-le-21-septembre-2014","status":"publish","type":"post","link":"http:\/\/www.lesventsdanches.fr\/ensemble-de-clarinettes\/concert-journees-du-patrimoine-a-hermeray-le-21-septembre-2014\/","title":{"rendered":"Concert \u00ab\u00a0Journ\u00e9es du Patrimoine\u00a0\u00bb \u00e0 Hermeray le 21 septembre 2014"},"content":{"rendered":"<h2>Les Vents d&rsquo;Anches s&rsquo;\u00e9vadent et partent en concert \u00e0 <a title=\"www.hermeray.fr\" href=\"http:\/\/www.hermeray.fr\" target=\"_blank\" rel=\"noopener\">Hermeray<\/a> (78) pr\u00e8s de Rambouillet, dans le cadre du week-end des <a title=\"www.journeesdupatrimoine.culture.fr\" href=\"http:\/\/www.journeesdupatrimoine.culture.fr\/\" target=\"_blank\" rel=\"noopener\">Journ\u00e9es du Patrimoine<\/a> !<\/h2>\n<p><span style=\"color: #663366;\">Pour cette rentr\u00e9e, nous proposerons tout comme \u00e0 notre habitude \u00e0 <strong><em>un large \u00e9ventail musical<\/em><\/strong> et interpr\u00e9terons des \u0153uvres vari\u00e9es <em><strong>d&rsquo;Albinoni<\/strong><\/em> \u00e0 <em><strong>Stevie Wonder<\/strong><\/em> !<\/span><\/p>\n<p><img loading=\"lazy\" decoding=\"async\" class=\"alignleft  wp-image-801\" title=\"Concert de l' Ensemble de Clarinettes &quot;Les Vents d'Anches&quot; aux Journ\u00e9es du Patrimoine d 'Hermeray le dimanche 21 septembre 2014\" src=\"http:\/\/www.lesventsdanches.fr\/wp-content\/uploads\/2014\/09\/Concert-Ensemble-Clarinettes-Hermeray-Journ\u00e9es-du-Patrimoine-Dimanche-21-Septembre-2014.jpg\" alt=\"Concert de l' Ensemble de Clarinettes &quot;Les Vents d'Anches&quot; aux Journ\u00e9es du Patrimoine d 'Hermeray le dimanche 21 septembre 2014\" width=\"370\" height=\"528\" srcset=\"http:\/\/www.lesventsdanches.fr\/wp-content\/uploads\/2014\/09\/Concert-Ensemble-Clarinettes-Hermeray-Journ\u00e9es-du-Patrimoine-Dimanche-21-Septembre-2014.jpg 462w, http:\/\/www.lesventsdanches.fr\/wp-content\/uploads\/2014\/09\/Concert-Ensemble-Clarinettes-Hermeray-Journ\u00e9es-du-Patrimoine-Dimanche-21-Septembre-2014-210x300.jpg 210w\" sizes=\"auto, (max-width: 370px) 100vw, 370px\" \/><\/p>\n<p class=\"cd\">Les Journ\u00e9es du Patrimoine sont l&rsquo;occasion de faire des d\u00e9couvertes culturelles tout pr\u00e8s de chez soi&#8230;<\/p>\n<p class=\"cd\">mais \u00e9galement musicales !<\/p>\n<p class=\"cd\">Alors planifiez votre journ\u00e9e et venez nous \u00e9couter, <strong>dimanche 21 septembre<\/strong>, \u00e0 l&rsquo;\u00e9glise d&rsquo;Hermeray, d\u00e8s <strong>16h<\/strong> !<\/p>\n<h1><\/h1>\n<div id=\"wp_fb_like_button\" style=\"margin:5px 5px 5px 0;float:left;height:100px;\"><script src=\"http:\/\/connect.facebook.net\/en_US\/all.js#xfbml=1\"><\/script><fb:like href=\"http:\/\/www.lesventsdanches.fr\/ensemble-de-clarinettes\/concert-journees-du-patrimoine-a-hermeray-le-21-septembre-2014\/\" send=\"true\" layout=\"standard\" width=\"400\" show_faces=\"false\" font=\"arial\" action=\"like\" colorscheme=\"light\"><\/fb:like><\/div>","protected":false},"excerpt":{"rendered":"<p>Les Vents d&rsquo;Anches s&rsquo;\u00e9vadent et partent en concert \u00e0 Hermeray (78) pr\u00e8s de Rambouillet, dans le cadre du week-end des Journ\u00e9es du Patrimoine ! Pour cette rentr\u00e9e, nous proposerons tout comme \u00e0 notre habitude \u00e0 un large \u00e9ventail musical et interpr\u00e9terons des \u0153uvres vari\u00e9es d&rsquo;Albinoni \u00e0 Stevie Wonder ! Les Journ\u00e9es du Patrimoine sont l&rsquo;occasion [&hellip;]<\/p>\n","protected":false},"author":2,"featured_media":0,"comment_status":"closed","ping_status":"open","sticky":false,"template":"","format":"standard","meta":{"jetpack_post_was_ever_published":false,"_jetpack_newsletter_access":"","_jetpack_dont_email_post_to_subs":true,"_jetpack_newsletter_tier_id":0,"footnotes":"","jetpack_publicize_message":"","jetpack_publicize_feature_enabled":true,"jetpack_social_post_already_shared":false,"jetpack_social_options":{"image_generator_settings":{"template":"highway","enabled":false}}},"categories":[3],"tags":[26],"class_list":["post-795","post","type-post","status-publish","format-standard","hentry","category-concert","tag-hermeray"],"jetpack_publicize_connections":[],"yoast_head":"<!-- This site is optimized with the Yoast SEO plugin v22.1 - https:\/\/yoast.com\/wordpress\/plugins\/seo\/ -->\n<title>Concert &quot;Journ\u00e9es du Patrimoine&quot; \u00e0 Hermeray le 21 septembre 2014 - Les Vents d&#039;Anches<\/title>\n<meta name=\"robots\" content=\"index, follow, max-snippet:-1, max-image-preview:large, max-video-preview:-1\" \/>\n<link rel=\"canonical\" href=\"http:\/\/www.lesventsdanches.fr\/ensemble-de-clarinettes\/concert-journees-du-patrimoine-a-hermeray-le-21-septembre-2014\/\" \/>\n<meta property=\"og:locale\" content=\"fr_FR\" \/>\n<meta property=\"og:type\" content=\"article\" \/>\n<meta property=\"og:title\" content=\"Concert &quot;Journ\u00e9es du Patrimoine&quot; \u00e0 Hermeray le 21 septembre 2014 - Les Vents d&#039;Anches\" \/>\n<meta property=\"og:description\" content=\"Les Vents d&rsquo;Anches s&rsquo;\u00e9vadent et partent en concert \u00e0 Hermeray (78) pr\u00e8s de Rambouillet, dans le cadre du week-end des Journ\u00e9es du Patrimoine ! Pour cette rentr\u00e9e, nous proposerons tout comme \u00e0 notre habitude \u00e0 un large \u00e9ventail musical et interpr\u00e9terons des \u0153uvres vari\u00e9es d&rsquo;Albinoni \u00e0 Stevie Wonder ! Les Journ\u00e9es du Patrimoine sont l&rsquo;occasion [&hellip;]\" \/>\n<meta property=\"og:url\" content=\"http:\/\/www.lesventsdanches.fr\/ensemble-de-clarinettes\/concert-journees-du-patrimoine-a-hermeray-le-21-septembre-2014\/\" \/>\n<meta property=\"og:site_name\" content=\"Les Vents d&#039;Anches\" \/>\n<meta property=\"article:published_time\" content=\"2014-09-02T07:10:15+00:00\" \/>\n<meta property=\"article:modified_time\" content=\"2023-04-08T11:44:50+00:00\" \/>\n<meta name=\"author\" content=\"Les Vents d&#039;Anches\" \/>\n<meta name=\"twitter:label1\" content=\"\u00c9crit par\" \/>\n\t<meta name=\"twitter:data1\" content=\"Les Vents d'Anches\" \/>\n<script type=\"application\/ld+json\" class=\"yoast-schema-graph\">{\"@context\":\"https:\/\/schema.org\",\"@graph\":[{\"@type\":\"WebPage\",\"@id\":\"http:\/\/www.lesventsdanches.fr\/ensemble-de-clarinettes\/concert-journees-du-patrimoine-a-hermeray-le-21-septembre-2014\/\",\"url\":\"http:\/\/www.lesventsdanches.fr\/ensemble-de-clarinettes\/concert-journees-du-patrimoine-a-hermeray-le-21-septembre-2014\/\",\"name\":\"Concert \\\"Journ\u00e9es du Patrimoine\\\" \u00e0 Hermeray le 21 septembre 2014 - Les Vents d&#039;Anches\",\"isPartOf\":{\"@id\":\"http:\/\/www.lesventsdanches.fr\/ensemble-de-clarinettes\/#website\"},\"datePublished\":\"2014-09-02T07:10:15+00:00\",\"dateModified\":\"2023-04-08T11:44:50+00:00\",\"author\":{\"@id\":\"http:\/\/www.lesventsdanches.fr\/ensemble-de-clarinettes\/#\/schema\/person\/d623e7f40728f1b29e49c626fdb515d7\"},\"breadcrumb\":{\"@id\":\"http:\/\/www.lesventsdanches.fr\/ensemble-de-clarinettes\/concert-journees-du-patrimoine-a-hermeray-le-21-septembre-2014\/#breadcrumb\"},\"inLanguage\":\"fr-FR\",\"potentialAction\":[{\"@type\":\"ReadAction\",\"target\":[\"http:\/\/www.lesventsdanches.fr\/ensemble-de-clarinettes\/concert-journees-du-patrimoine-a-hermeray-le-21-septembre-2014\/\"]}]},{\"@type\":\"BreadcrumbList\",\"@id\":\"http:\/\/www.lesventsdanches.fr\/ensemble-de-clarinettes\/concert-journees-du-patrimoine-a-hermeray-le-21-septembre-2014\/#breadcrumb\",\"itemListElement\":[{\"@type\":\"ListItem\",\"position\":1,\"name\":\"Accueil\",\"item\":\"http:\/\/www.lesventsdanches.fr\/ensemble-de-clarinettes\/\"},{\"@type\":\"ListItem\",\"position\":2,\"name\":\"Concert \u00ab\u00a0Journ\u00e9es du Patrimoine\u00a0\u00bb \u00e0 Hermeray le 21 septembre 2014\"}]},{\"@type\":\"WebSite\",\"@id\":\"http:\/\/www.lesventsdanches.fr\/ensemble-de-clarinettes\/#website\",\"url\":\"http:\/\/www.lesventsdanches.fr\/ensemble-de-clarinettes\/\",\"name\":\"Les Vents d&#039;Anches\",\"description\":\"Ensemble de clarinettes\",\"potentialAction\":[{\"@type\":\"SearchAction\",\"target\":{\"@type\":\"EntryPoint\",\"urlTemplate\":\"http:\/\/www.lesventsdanches.fr\/ensemble-de-clarinettes\/?s={search_term_string}\"},\"query-input\":\"required name=search_term_string\"}],\"inLanguage\":\"fr-FR\"},{\"@type\":\"Person\",\"@id\":\"http:\/\/www.lesventsdanches.fr\/ensemble-de-clarinettes\/#\/schema\/person\/d623e7f40728f1b29e49c626fdb515d7\",\"name\":\"Les Vents d'Anches\",\"image\":{\"@type\":\"ImageObject\",\"inLanguage\":\"fr-FR\",\"@id\":\"http:\/\/www.lesventsdanches.fr\/ensemble-de-clarinettes\/#\/schema\/person\/image\/\",\"url\":\"https:\/\/secure.gravatar.com\/avatar\/48aaf4fc1d9f8e02fa35d7cd176452855885b2c4ad8558c3e976beb9005d2963?s=96&d=mm&r=g\",\"contentUrl\":\"https:\/\/secure.gravatar.com\/avatar\/48aaf4fc1d9f8e02fa35d7cd176452855885b2c4ad8558c3e976beb9005d2963?s=96&d=mm&r=g\",\"caption\":\"Les Vents d'Anches\"},\"sameAs\":[\"http:\/\/www.lesventsdanches.fr\",\"https:\/\/twitter.com\/lesventsdanches\"]}]}<\/script>\n<!-- \/ Yoast SEO plugin. -->","yoast_head_json":{"title":"Concert \"Journ\u00e9es du Patrimoine\" \u00e0 Hermeray le 21 septembre 2014 - Les Vents d&#039;Anches","robots":{"index":"index","follow":"follow","max-snippet":"max-snippet:-1","max-image-preview":"max-image-preview:large","max-video-preview":"max-video-preview:-1"},"canonical":"http:\/\/www.lesventsdanches.fr\/ensemble-de-clarinettes\/concert-journees-du-patrimoine-a-hermeray-le-21-septembre-2014\/","og_locale":"fr_FR","og_type":"article","og_title":"Concert \"Journ\u00e9es du Patrimoine\" \u00e0 Hermeray le 21 septembre 2014 - Les Vents d&#039;Anches","og_description":"Les Vents d&rsquo;Anches s&rsquo;\u00e9vadent et partent en concert \u00e0 Hermeray (78) pr\u00e8s de Rambouillet, dans le cadre du week-end des Journ\u00e9es du Patrimoine ! Pour cette rentr\u00e9e, nous proposerons tout comme \u00e0 notre habitude \u00e0 un large \u00e9ventail musical et interpr\u00e9terons des \u0153uvres vari\u00e9es d&rsquo;Albinoni \u00e0 Stevie Wonder ! Les Journ\u00e9es du Patrimoine sont l&rsquo;occasion [&hellip;]","og_url":"http:\/\/www.lesventsdanches.fr\/ensemble-de-clarinettes\/concert-journees-du-patrimoine-a-hermeray-le-21-septembre-2014\/","og_site_name":"Les Vents d&#039;Anches","article_published_time":"2014-09-02T07:10:15+00:00","article_modified_time":"2023-04-08T11:44:50+00:00","author":"Les Vents d'Anches","twitter_misc":{"\u00c9crit par":"Les Vents d'Anches"},"schema":{"@context":"https:\/\/schema.org","@graph":[{"@type":"WebPage","@id":"http:\/\/www.lesventsdanches.fr\/ensemble-de-clarinettes\/concert-journees-du-patrimoine-a-hermeray-le-21-septembre-2014\/","url":"http:\/\/www.lesventsdanches.fr\/ensemble-de-clarinettes\/concert-journees-du-patrimoine-a-hermeray-le-21-septembre-2014\/","name":"Concert \"Journ\u00e9es du Patrimoine\" \u00e0 Hermeray le 21 septembre 2014 - Les Vents d&#039;Anches","isPartOf":{"@id":"http:\/\/www.lesventsdanches.fr\/ensemble-de-clarinettes\/#website"},"datePublished":"2014-09-02T07:10:15+00:00","dateModified":"2023-04-08T11:44:50+00:00","author":{"@id":"http:\/\/www.lesventsdanches.fr\/ensemble-de-clarinettes\/#\/schema\/person\/d623e7f40728f1b29e49c626fdb515d7"},"breadcrumb":{"@id":"http:\/\/www.lesventsdanches.fr\/ensemble-de-clarinettes\/concert-journees-du-patrimoine-a-hermeray-le-21-septembre-2014\/#breadcrumb"},"inLanguage":"fr-FR","potentialAction":[{"@type":"ReadAction","target":["http:\/\/www.lesventsdanches.fr\/ensemble-de-clarinettes\/concert-journees-du-patrimoine-a-hermeray-le-21-septembre-2014\/"]}]},{"@type":"BreadcrumbList","@id":"http:\/\/www.lesventsdanches.fr\/ensemble-de-clarinettes\/concert-journees-du-patrimoine-a-hermeray-le-21-septembre-2014\/#breadcrumb","itemListElement":[{"@type":"ListItem","position":1,"name":"Accueil","item":"http:\/\/www.lesventsdanches.fr\/ensemble-de-clarinettes\/"},{"@type":"ListItem","position":2,"name":"Concert \u00ab\u00a0Journ\u00e9es du Patrimoine\u00a0\u00bb \u00e0 Hermeray le 21 septembre 2014"}]},{"@type":"WebSite","@id":"http:\/\/www.lesventsdanches.fr\/ensemble-de-clarinettes\/#website","url":"http:\/\/www.lesventsdanches.fr\/ensemble-de-clarinettes\/","name":"Les Vents d&#039;Anches","description":"Ensemble de clarinettes","potentialAction":[{"@type":"SearchAction","target":{"@type":"EntryPoint","urlTemplate":"http:\/\/www.lesventsdanches.fr\/ensemble-de-clarinettes\/?s={search_term_string}"},"query-input":"required name=search_term_string"}],"inLanguage":"fr-FR"},{"@type":"Person","@id":"http:\/\/www.lesventsdanches.fr\/ensemble-de-clarinettes\/#\/schema\/person\/d623e7f40728f1b29e49c626fdb515d7","name":"Les Vents d'Anches","image":{"@type":"ImageObject","inLanguage":"fr-FR","@id":"http:\/\/www.lesventsdanches.fr\/ensemble-de-clarinettes\/#\/schema\/person\/image\/","url":"https:\/\/secure.gravatar.com\/avatar\/48aaf4fc1d9f8e02fa35d7cd176452855885b2c4ad8558c3e976beb9005d2963?s=96&d=mm&r=g","contentUrl":"https:\/\/secure.gravatar.com\/avatar\/48aaf4fc1d9f8e02fa35d7cd176452855885b2c4ad8558c3e976beb9005d2963?s=96&d=mm&r=g","caption":"Les Vents d'Anches"},"sameAs":["http:\/\/www.lesventsdanches.fr","https:\/\/twitter.com\/lesventsdanches"]}]}},"jetpack_featured_media_url":"","jetpack_sharing_enabled":true,"jetpack_shortlink":"https:\/\/wp.me\/p8bxUG-cP","_links":{"self":[{"href":"http:\/\/www.lesventsdanches.fr\/ensemble-de-clarinettes\/wp-json\/wp\/v2\/posts\/795","targetHints":{"allow":["GET"]}}],"collection":[{"href":"http:\/\/www.lesventsdanches.fr\/ensemble-de-clarinettes\/wp-json\/wp\/v2\/posts"}],"about":[{"href":"http:\/\/www.lesventsdanches.fr\/ensemble-de-clarinettes\/wp-json\/wp\/v2\/types\/post"}],"author":[{"embeddable":true,"href":"http:\/\/www.lesventsdanches.fr\/ensemble-de-clarinettes\/wp-json\/wp\/v2\/users\/2"}],"replies":[{"embeddable":true,"href":"http:\/\/www.lesventsdanches.fr\/ensemble-de-clarinettes\/wp-json\/wp\/v2\/comments?post=795"}],"version-history":[{"count":69,"href":"http:\/\/www.lesventsdanches.fr\/ensemble-de-clarinettes\/wp-json\/wp\/v2\/posts\/795\/revisions"}],"predecessor-version":[{"id":1131,"href":"http:\/\/www.lesventsdanches.fr\/ensemble-de-clarinettes\/wp-json\/wp\/v2\/posts\/795\/revisions\/1131"}],"wp:attachment":[{"href":"http:\/\/www.lesventsdanches.fr\/ensemble-de-clarinettes\/wp-json\/wp\/v2\/media?parent=795"}],"wp:term":[{"taxonomy":"category","embeddable":true,"href":"http:\/\/www.lesventsdanches.fr\/ensemble-de-clarinettes\/wp-json\/wp\/v2\/categories?post=795"},{"taxonomy":"post_tag","embeddable":true,"href":"http:\/\/www.lesventsdanches.fr\/ensemble-de-clarinettes\/wp-json\/wp\/v2\/tags?post=795"}],"curies":[{"name":"wp","href":"https:\/\/api.w.org\/{rel}","templated":true}]}}