{"id":531,"date":"2013-06-01T11:21:14","date_gmt":"2013-06-01T10:21:14","guid":{"rendered":"http:\/\/www.lesventsdanches.fr\/ensemble-de-clarinettes\/?p=531"},"modified":"2023-04-08T12:46:06","modified_gmt":"2023-04-08T11:46:06","slug":"concert-eglise-saint-germain-de-conde-sur-vesgre","status":"publish","type":"post","link":"http:\/\/www.lesventsdanches.fr\/ensemble-de-clarinettes\/concert-eglise-saint-germain-de-conde-sur-vesgre\/","title":{"rendered":"Clarinettes en concert \u00e0 l&rsquo;Eglise Saint-Germain de Cond\u00e9-sur-Vesgre"},"content":{"rendered":"<p>Samedi 15 juin \u00e0 20h, retrouvez notre ensemble de clarinettes en concert dans l&rsquo;Eglise Saint-Germain de\u00a0<a title=\"Comit\u00e9 des f\u00eates de Cond\u00e9-sur-Vesgre\" href=\"http:\/\/www.cfcv78.fr\/index.php?section72-ABA\" target=\"_blank\" rel=\"noopener\">Cond\u00e9-sur Vesgre<\/a>.<\/p>\n<p><a title=\"L\u2019ensemble de clarinettes \u00ab\u00a0Les Vents d\u2019Anches\u00a0\u00bb vous souhaitent la bienvenue !\" href=\"http:\/\/www.lesventsdanches.fr\/ensemble-de-clarinettes\/\" target=\"_blank\" rel=\"noopener\"><img loading=\"lazy\" decoding=\"async\" class=\" wp-image-534 alignleft\" src=\"http:\/\/www.lesventsdanches.fr\/wp-content\/uploads\/2013\/06\/Logo-les-vents-d-anches-concert.jpg\" alt=\"ensemble de clarinettes\" width=\"86\" height=\"131\" \/><\/a><\/p>\n<p>Du classique au Jazz, de la \u00ab\u00a0Valse de L&#8217;empereur\u00a0\u00bb \u00e0 \u00ab\u00a0Tiger Rag\u00a0\u00bb, nous avons pens\u00e9 \u00e0 tout pour vous faire passer une excellente soir\u00e9e.<\/p>\n<p>En bonus, notre <a title=\"Exposition clarinette\" href=\"http:\/\/www.lesventsdanches.fr\/ensemble-de-clarinettes\/exposition-clarinette\/\" target=\"_blank\" rel=\"noopener\">exposition<\/a> sur la clarinette, pr\u00e9sent\u00e9e par l&rsquo;un de nos musiciens pendant l&rsquo;entracte et apr\u00e8s le concert !<\/p>\n<div id=\"wp_fb_like_button\" style=\"margin:5px 5px 5px 0;float:left;height:100px;\"><script src=\"http:\/\/connect.facebook.net\/en_US\/all.js#xfbml=1\"><\/script><fb:like href=\"http:\/\/www.lesventsdanches.fr\/ensemble-de-clarinettes\/concert-eglise-saint-germain-de-conde-sur-vesgre\/\" send=\"true\" layout=\"standard\" width=\"400\" show_faces=\"false\" font=\"arial\" action=\"like\" colorscheme=\"light\"><\/fb:like><\/div>","protected":false},"excerpt":{"rendered":"<p>Samedi 15 juin \u00e0 20h, retrouvez notre ensemble de clarinettes en concert dans l&rsquo;Eglise Saint-Germain de\u00a0Cond\u00e9-sur Vesgre. Du classique au Jazz, de la \u00ab\u00a0Valse de L&#8217;empereur\u00a0\u00bb \u00e0 \u00ab\u00a0Tiger Rag\u00a0\u00bb, nous avons pens\u00e9 \u00e0 tout pour vous faire passer une excellente soir\u00e9e. En bonus, notre exposition sur la clarinette, pr\u00e9sent\u00e9e par l&rsquo;un de nos musiciens pendant [&hellip;]<\/p>\n","protected":false},"author":2,"featured_media":0,"comment_status":"closed","ping_status":"open","sticky":false,"template":"","format":"standard","meta":{"jetpack_post_was_ever_published":false,"_jetpack_newsletter_access":"","_jetpack_dont_email_post_to_subs":true,"_jetpack_newsletter_tier_id":0,"footnotes":"","jetpack_publicize_message":"","jetpack_publicize_feature_enabled":true,"jetpack_social_post_already_shared":false,"jetpack_social_options":{"image_generator_settings":{"template":"highway","enabled":false}}},"categories":[3],"tags":[13,12,14],"class_list":["post-531","post","type-post","status-publish","format-standard","hentry","category-concert","tag-conde-sur-vesgre","tag-eglise","tag-exposition"],"jetpack_publicize_connections":[],"yoast_head":"<!-- This site is optimized with the Yoast SEO plugin v22.1 - https:\/\/yoast.com\/wordpress\/plugins\/seo\/ -->\n<title>Clarinettes en concert \u00e0 l&#039;Eglise Saint-Germain de Cond\u00e9-sur-Vesgre - Les Vents d&#039;Anches<\/title>\n<meta name=\"description\" content=\"Retrouvez notre ensemble de clarinettes en concert \u00e0 Cond\u00e9-sur-Vesgre.\" \/>\n<meta name=\"robots\" content=\"index, follow, max-snippet:-1, max-image-preview:large, max-video-preview:-1\" \/>\n<link rel=\"canonical\" href=\"http:\/\/www.lesventsdanches.fr\/ensemble-de-clarinettes\/concert-eglise-saint-germain-de-conde-sur-vesgre\/\" \/>\n<meta property=\"og:locale\" content=\"fr_FR\" \/>\n<meta property=\"og:type\" content=\"article\" \/>\n<meta property=\"og:title\" content=\"Clarinettes en concert \u00e0 l&#039;Eglise Saint-Germain de Cond\u00e9-sur-Vesgre - Les Vents d&#039;Anches\" \/>\n<meta property=\"og:description\" content=\"Retrouvez notre ensemble de clarinettes en concert \u00e0 Cond\u00e9-sur-Vesgre.\" \/>\n<meta property=\"og:url\" content=\"http:\/\/www.lesventsdanches.fr\/ensemble-de-clarinettes\/concert-eglise-saint-germain-de-conde-sur-vesgre\/\" \/>\n<meta property=\"og:site_name\" content=\"Les Vents d&#039;Anches\" \/>\n<meta property=\"article:published_time\" content=\"2013-06-01T10:21:14+00:00\" \/>\n<meta property=\"article:modified_time\" content=\"2023-04-08T11:46:06+00:00\" \/>\n<meta property=\"og:image\" content=\"http:\/\/www.lesventsdanches.fr\/wp-content\/uploads\/2013\/06\/Logo-les-vents-d-anches-concert.jpg\" \/>\n<meta name=\"author\" content=\"Les Vents d&#039;Anches\" \/>\n<meta name=\"twitter:label1\" content=\"\u00c9crit par\" \/>\n\t<meta name=\"twitter:data1\" content=\"Les Vents d'Anches\" \/>\n<script type=\"application\/ld+json\" class=\"yoast-schema-graph\">{\"@context\":\"https:\/\/schema.org\",\"@graph\":[{\"@type\":\"WebPage\",\"@id\":\"http:\/\/www.lesventsdanches.fr\/ensemble-de-clarinettes\/concert-eglise-saint-germain-de-conde-sur-vesgre\/\",\"url\":\"http:\/\/www.lesventsdanches.fr\/ensemble-de-clarinettes\/concert-eglise-saint-germain-de-conde-sur-vesgre\/\",\"name\":\"Clarinettes en concert \u00e0 l'Eglise Saint-Germain de Cond\u00e9-sur-Vesgre - Les Vents d&#039;Anches\",\"isPartOf\":{\"@id\":\"http:\/\/www.lesventsdanches.fr\/ensemble-de-clarinettes\/#website\"},\"datePublished\":\"2013-06-01T10:21:14+00:00\",\"dateModified\":\"2023-04-08T11:46:06+00:00\",\"author\":{\"@id\":\"http:\/\/www.lesventsdanches.fr\/ensemble-de-clarinettes\/#\/schema\/person\/d623e7f40728f1b29e49c626fdb515d7\"},\"description\":\"Retrouvez notre ensemble de clarinettes en concert \u00e0 Cond\u00e9-sur-Vesgre.\",\"breadcrumb\":{\"@id\":\"http:\/\/www.lesventsdanches.fr\/ensemble-de-clarinettes\/concert-eglise-saint-germain-de-conde-sur-vesgre\/#breadcrumb\"},\"inLanguage\":\"fr-FR\",\"potentialAction\":[{\"@type\":\"ReadAction\",\"target\":[\"http:\/\/www.lesventsdanches.fr\/ensemble-de-clarinettes\/concert-eglise-saint-germain-de-conde-sur-vesgre\/\"]}]},{\"@type\":\"BreadcrumbList\",\"@id\":\"http:\/\/www.lesventsdanches.fr\/ensemble-de-clarinettes\/concert-eglise-saint-germain-de-conde-sur-vesgre\/#breadcrumb\",\"itemListElement\":[{\"@type\":\"ListItem\",\"position\":1,\"name\":\"Accueil\",\"item\":\"http:\/\/www.lesventsdanches.fr\/ensemble-de-clarinettes\/\"},{\"@type\":\"ListItem\",\"position\":2,\"name\":\"Clarinettes en concert \u00e0 l&rsquo;Eglise Saint-Germain de Cond\u00e9-sur-Vesgre\"}]},{\"@type\":\"WebSite\",\"@id\":\"http:\/\/www.lesventsdanches.fr\/ensemble-de-clarinettes\/#website\",\"url\":\"http:\/\/www.lesventsdanches.fr\/ensemble-de-clarinettes\/\",\"name\":\"Les Vents d&#039;Anches\",\"description\":\"Ensemble de clarinettes\",\"potentialAction\":[{\"@type\":\"SearchAction\",\"target\":{\"@type\":\"EntryPoint\",\"urlTemplate\":\"http:\/\/www.lesventsdanches.fr\/ensemble-de-clarinettes\/?s={search_term_string}\"},\"query-input\":\"required name=search_term_string\"}],\"inLanguage\":\"fr-FR\"},{\"@type\":\"Person\",\"@id\":\"http:\/\/www.lesventsdanches.fr\/ensemble-de-clarinettes\/#\/schema\/person\/d623e7f40728f1b29e49c626fdb515d7\",\"name\":\"Les Vents d'Anches\",\"image\":{\"@type\":\"ImageObject\",\"inLanguage\":\"fr-FR\",\"@id\":\"http:\/\/www.lesventsdanches.fr\/ensemble-de-clarinettes\/#\/schema\/person\/image\/\",\"url\":\"https:\/\/secure.gravatar.com\/avatar\/48aaf4fc1d9f8e02fa35d7cd176452855885b2c4ad8558c3e976beb9005d2963?s=96&d=mm&r=g\",\"contentUrl\":\"https:\/\/secure.gravatar.com\/avatar\/48aaf4fc1d9f8e02fa35d7cd176452855885b2c4ad8558c3e976beb9005d2963?s=96&d=mm&r=g\",\"caption\":\"Les Vents d'Anches\"},\"sameAs\":[\"http:\/\/www.lesventsdanches.fr\",\"https:\/\/twitter.com\/lesventsdanches\"]}]}<\/script>\n<!-- \/ Yoast SEO plugin. -->","yoast_head_json":{"title":"Clarinettes en concert \u00e0 l'Eglise Saint-Germain de Cond\u00e9-sur-Vesgre - Les Vents d&#039;Anches","description":"Retrouvez notre ensemble de clarinettes en concert \u00e0 Cond\u00e9-sur-Vesgre.","robots":{"index":"index","follow":"follow","max-snippet":"max-snippet:-1","max-image-preview":"max-image-preview:large","max-video-preview":"max-video-preview:-1"},"canonical":"http:\/\/www.lesventsdanches.fr\/ensemble-de-clarinettes\/concert-eglise-saint-germain-de-conde-sur-vesgre\/","og_locale":"fr_FR","og_type":"article","og_title":"Clarinettes en concert \u00e0 l'Eglise Saint-Germain de Cond\u00e9-sur-Vesgre - Les Vents d&#039;Anches","og_description":"Retrouvez notre ensemble de clarinettes en concert \u00e0 Cond\u00e9-sur-Vesgre.","og_url":"http:\/\/www.lesventsdanches.fr\/ensemble-de-clarinettes\/concert-eglise-saint-germain-de-conde-sur-vesgre\/","og_site_name":"Les Vents d&#039;Anches","article_published_time":"2013-06-01T10:21:14+00:00","article_modified_time":"2023-04-08T11:46:06+00:00","og_image":[{"url":"http:\/\/www.lesventsdanches.fr\/wp-content\/uploads\/2013\/06\/Logo-les-vents-d-anches-concert.jpg"}],"author":"Les Vents d'Anches","twitter_misc":{"\u00c9crit par":"Les Vents d'Anches"},"schema":{"@context":"https:\/\/schema.org","@graph":[{"@type":"WebPage","@id":"http:\/\/www.lesventsdanches.fr\/ensemble-de-clarinettes\/concert-eglise-saint-germain-de-conde-sur-vesgre\/","url":"http:\/\/www.lesventsdanches.fr\/ensemble-de-clarinettes\/concert-eglise-saint-germain-de-conde-sur-vesgre\/","name":"Clarinettes en concert \u00e0 l'Eglise Saint-Germain de Cond\u00e9-sur-Vesgre - Les Vents d&#039;Anches","isPartOf":{"@id":"http:\/\/www.lesventsdanches.fr\/ensemble-de-clarinettes\/#website"},"datePublished":"2013-06-01T10:21:14+00:00","dateModified":"2023-04-08T11:46:06+00:00","author":{"@id":"http:\/\/www.lesventsdanches.fr\/ensemble-de-clarinettes\/#\/schema\/person\/d623e7f40728f1b29e49c626fdb515d7"},"description":"Retrouvez notre ensemble de clarinettes en concert \u00e0 Cond\u00e9-sur-Vesgre.","breadcrumb":{"@id":"http:\/\/www.lesventsdanches.fr\/ensemble-de-clarinettes\/concert-eglise-saint-germain-de-conde-sur-vesgre\/#breadcrumb"},"inLanguage":"fr-FR","potentialAction":[{"@type":"ReadAction","target":["http:\/\/www.lesventsdanches.fr\/ensemble-de-clarinettes\/concert-eglise-saint-germain-de-conde-sur-vesgre\/"]}]},{"@type":"BreadcrumbList","@id":"http:\/\/www.lesventsdanches.fr\/ensemble-de-clarinettes\/concert-eglise-saint-germain-de-conde-sur-vesgre\/#breadcrumb","itemListElement":[{"@type":"ListItem","position":1,"name":"Accueil","item":"http:\/\/www.lesventsdanches.fr\/ensemble-de-clarinettes\/"},{"@type":"ListItem","position":2,"name":"Clarinettes en concert \u00e0 l&rsquo;Eglise Saint-Germain de Cond\u00e9-sur-Vesgre"}]},{"@type":"WebSite","@id":"http:\/\/www.lesventsdanches.fr\/ensemble-de-clarinettes\/#website","url":"http:\/\/www.lesventsdanches.fr\/ensemble-de-clarinettes\/","name":"Les Vents d&#039;Anches","description":"Ensemble de clarinettes","potentialAction":[{"@type":"SearchAction","target":{"@type":"EntryPoint","urlTemplate":"http:\/\/www.lesventsdanches.fr\/ensemble-de-clarinettes\/?s={search_term_string}"},"query-input":"required name=search_term_string"}],"inLanguage":"fr-FR"},{"@type":"Person","@id":"http:\/\/www.lesventsdanches.fr\/ensemble-de-clarinettes\/#\/schema\/person\/d623e7f40728f1b29e49c626fdb515d7","name":"Les Vents d'Anches","image":{"@type":"ImageObject","inLanguage":"fr-FR","@id":"http:\/\/www.lesventsdanches.fr\/ensemble-de-clarinettes\/#\/schema\/person\/image\/","url":"https:\/\/secure.gravatar.com\/avatar\/48aaf4fc1d9f8e02fa35d7cd176452855885b2c4ad8558c3e976beb9005d2963?s=96&d=mm&r=g","contentUrl":"https:\/\/secure.gravatar.com\/avatar\/48aaf4fc1d9f8e02fa35d7cd176452855885b2c4ad8558c3e976beb9005d2963?s=96&d=mm&r=g","caption":"Les Vents d'Anches"},"sameAs":["http:\/\/www.lesventsdanches.fr","https:\/\/twitter.com\/lesventsdanches"]}]}},"jetpack_featured_media_url":"","jetpack_sharing_enabled":true,"jetpack_shortlink":"https:\/\/wp.me\/p8bxUG-8z","_links":{"self":[{"href":"http:\/\/www.lesventsdanches.fr\/ensemble-de-clarinettes\/wp-json\/wp\/v2\/posts\/531","targetHints":{"allow":["GET"]}}],"collection":[{"href":"http:\/\/www.lesventsdanches.fr\/ensemble-de-clarinettes\/wp-json\/wp\/v2\/posts"}],"about":[{"href":"http:\/\/www.lesventsdanches.fr\/ensemble-de-clarinettes\/wp-json\/wp\/v2\/types\/post"}],"author":[{"embeddable":true,"href":"http:\/\/www.lesventsdanches.fr\/ensemble-de-clarinettes\/wp-json\/wp\/v2\/users\/2"}],"replies":[{"embeddable":true,"href":"http:\/\/www.lesventsdanches.fr\/ensemble-de-clarinettes\/wp-json\/wp\/v2\/comments?post=531"}],"version-history":[{"count":16,"href":"http:\/\/www.lesventsdanches.fr\/ensemble-de-clarinettes\/wp-json\/wp\/v2\/posts\/531\/revisions"}],"predecessor-version":[{"id":1133,"href":"http:\/\/www.lesventsdanches.fr\/ensemble-de-clarinettes\/wp-json\/wp\/v2\/posts\/531\/revisions\/1133"}],"wp:attachment":[{"href":"http:\/\/www.lesventsdanches.fr\/ensemble-de-clarinettes\/wp-json\/wp\/v2\/media?parent=531"}],"wp:term":[{"taxonomy":"category","embeddable":true,"href":"http:\/\/www.lesventsdanches.fr\/ensemble-de-clarinettes\/wp-json\/wp\/v2\/categories?post=531"},{"taxonomy":"post_tag","embeddable":true,"href":"http:\/\/www.lesventsdanches.fr\/ensemble-de-clarinettes\/wp-json\/wp\/v2\/tags?post=531"}],"curies":[{"name":"wp","href":"https:\/\/api.w.org\/{rel}","templated":true}]}}