{"id":1048,"date":"2021-09-08T12:12:14","date_gmt":"2021-09-08T11:12:14","guid":{"rendered":"http:\/\/www.lesventsdanches.fr\/ensemble-de-clarinettes\/?p=1048"},"modified":"2022-06-07T12:29:50","modified_gmt":"2022-06-07T11:29:50","slug":"journees-patrimoine-marville","status":"publish","type":"post","link":"http:\/\/www.lesventsdanches.fr\/ensemble-de-clarinettes\/journees-patrimoine-marville\/","title":{"rendered":"Journ\u00e9es du Patrimoine \u00e0 Marville-Moutiers-Br\u00fbl\u00e9"},"content":{"rendered":"<h2>Journ\u00e9es du Patrimoine 18-19 septembre 2021 \u00e0 l&rsquo;\u00e9glise de Marville-Moutiers-Br\u00fbl\u00e9<\/h2>\n<h4>Dans le cadre des Journ\u00e9es europ\u00e9ennes du Patrimoine, qui ont lieu cette ann\u00e9e les 18 et 19 septembre 2021, nous aurons le grand plaisir de vous retrouver \u00e0 l&rsquo;\u00e9glise Saint-Pierre de\u00a0Marville-Moutiers-Br\u00fbl\u00e9.<\/h4>\n<p>Nous serons pr\u00e9sents le samedi pour 1h de musique \u00e0 partir de 14h.<\/p>\n<p>L&rsquo;ensemble de Clarinettes sera compos\u00e9 pour l&rsquo;occasion de 6 musiciens. Quant aux \u0153uvres interpr\u00e9t\u00e9es, nous avons carte blanche et ce sera donc la surprise pour les visiteurs que nous esp\u00e9rons nombreux.<\/p>\n<p>La mairie a concoct\u00e9 un programme vari\u00e9 sur les deux journ\u00e9es ! Vous pourrez \u00e9galement vous rendre \u00e0 la Chapelle d&rsquo;Imbermais o\u00f9 d&rsquo;autres artistes se produiront.<\/p>\n\n\t\t<style type=\"text\/css\">\n\t\t\t#gallery-1 {\n\t\t\t\tmargin: auto;\n\t\t\t}\n\t\t\t#gallery-1 .gallery-item {\n\t\t\t\tfloat: left;\n\t\t\t\tmargin-top: 10px;\n\t\t\t\ttext-align: center;\n\t\t\t\twidth: 33%;\n\t\t\t}\n\t\t\t#gallery-1 img {\n\t\t\t\tborder: 2px solid #cfcfcf;\n\t\t\t}\n\t\t\t#gallery-1 .gallery-caption {\n\t\t\t\tmargin-left: 0;\n\t\t\t}\n\t\t\t\/* see gallery_shortcode() in wp-includes\/media.php *\/\n\t\t<\/style>\n\t\t<div id='gallery-1' class='gallery galleryid-1048 gallery-columns-3 gallery-size-full'><dl class='gallery-item'>\n\t\t\t<dt class='gallery-icon portrait'>\n\t\t\t\t<a href='http:\/\/www.lesventsdanches.fr\/wp-content\/uploads\/2021\/09\/Journee-europeenne-patrimoine-programme-eglise-Marville-Moutiers-Brule.png'><img loading=\"lazy\" decoding=\"async\" width=\"588\" height=\"834\" src=\"http:\/\/www.lesventsdanches.fr\/wp-content\/uploads\/2021\/09\/Journee-europeenne-patrimoine-programme-eglise-Marville-Moutiers-Brule.png\" class=\"attachment-full size-full\" alt=\"Programme des Journ\u00e9es europ\u00e9ennes du Patrimoine \u00c9glise Marville-Moutiers-Br\u00fbl\u00e9 18-19 septembre 2021\" aria-describedby=\"gallery-1-1052\" srcset=\"http:\/\/www.lesventsdanches.fr\/wp-content\/uploads\/2021\/09\/Journee-europeenne-patrimoine-programme-eglise-Marville-Moutiers-Brule.png 588w, http:\/\/www.lesventsdanches.fr\/wp-content\/uploads\/2021\/09\/Journee-europeenne-patrimoine-programme-eglise-Marville-Moutiers-Brule-212x300.png 212w\" sizes=\"auto, (max-width: 588px) 100vw, 588px\" \/><\/a>\n\t\t\t<\/dt>\n\t\t\t\t<dd class='wp-caption-text gallery-caption' id='gallery-1-1052'>\n\t\t\t\t18 septembre 2021\n\t\t\t\t<\/dd><\/dl>\n\t\t\t<br style='clear: both' \/>\n\t\t<\/div>\n\n<p>RDV samedi 18 septembre \u00e0 14h !<\/p>\n<p>A tr\u00e8s vite en musique !<\/p>\n<div id=\"wp_fb_like_button\" style=\"margin:5px 5px 5px 0;float:left;height:100px;\"><script src=\"http:\/\/connect.facebook.net\/en_US\/all.js#xfbml=1\"><\/script><fb:like href=\"http:\/\/www.lesventsdanches.fr\/ensemble-de-clarinettes\/journees-patrimoine-marville\/\" send=\"true\" layout=\"standard\" width=\"400\" show_faces=\"false\" font=\"arial\" action=\"like\" colorscheme=\"light\"><\/fb:like><\/div>","protected":false},"excerpt":{"rendered":"<p>Journ\u00e9es du Patrimoine 18-19 septembre 2021 \u00e0 l&rsquo;\u00e9glise de Marville-Moutiers-Br\u00fbl\u00e9 Dans le cadre des Journ\u00e9es europ\u00e9ennes du Patrimoine, qui ont lieu cette ann\u00e9e les 18 et 19 septembre 2021, nous aurons le grand plaisir de vous retrouver \u00e0 l&rsquo;\u00e9glise Saint-Pierre de\u00a0Marville-Moutiers-Br\u00fbl\u00e9. Nous serons pr\u00e9sents le samedi pour 1h de musique \u00e0 partir de 14h. L&rsquo;ensemble [&hellip;]<\/p>\n","protected":false},"author":2,"featured_media":0,"comment_status":"closed","ping_status":"open","sticky":false,"template":"","format":"standard","meta":{"jetpack_post_was_ever_published":false,"_jetpack_newsletter_access":"","_jetpack_dont_email_post_to_subs":true,"_jetpack_newsletter_tier_id":0,"footnotes":"","jetpack_publicize_message":"","jetpack_publicize_feature_enabled":true,"jetpack_social_post_already_shared":true,"jetpack_social_options":{"image_generator_settings":{"template":"highway","enabled":false}}},"categories":[34],"tags":[],"class_list":["post-1048","post","type-post","status-publish","format-standard","hentry","category-journees-patrimoine"],"jetpack_publicize_connections":[],"yoast_head":"<!-- This site is optimized with the Yoast SEO plugin v22.1 - https:\/\/yoast.com\/wordpress\/plugins\/seo\/ -->\n<title>Journ\u00e9es du Patrimoine \u00e0 Marville-Moutiers-Br\u00fbl\u00e9 - Les Vents d&#039;Anches<\/title>\n<meta name=\"description\" content=\"Journ\u00e9es du Patrimoine 2021. RDV pour 1h de musique \u00e0 la clarinette le samedi 18 septembre 2021 \u00e0 14h \u00e0 l&#039;\u00e9glise Saint-Pierre de Marville-Moutiers-Br\u00fbl\u00e9.\" \/>\n<meta name=\"robots\" content=\"index, follow, max-snippet:-1, max-image-preview:large, max-video-preview:-1\" \/>\n<link rel=\"canonical\" href=\"http:\/\/www.lesventsdanches.fr\/ensemble-de-clarinettes\/journees-patrimoine-marville\/\" \/>\n<meta property=\"og:locale\" content=\"fr_FR\" \/>\n<meta property=\"og:type\" content=\"article\" \/>\n<meta property=\"og:title\" content=\"Journ\u00e9es du Patrimoine \u00e0 Marville-Moutiers-Br\u00fbl\u00e9 - Les Vents d&#039;Anches\" \/>\n<meta property=\"og:description\" content=\"Journ\u00e9es du Patrimoine 2021. RDV pour 1h de musique \u00e0 la clarinette le samedi 18 septembre 2021 \u00e0 14h \u00e0 l&#039;\u00e9glise Saint-Pierre de Marville-Moutiers-Br\u00fbl\u00e9.\" \/>\n<meta property=\"og:url\" content=\"http:\/\/www.lesventsdanches.fr\/ensemble-de-clarinettes\/journees-patrimoine-marville\/\" \/>\n<meta property=\"og:site_name\" content=\"Les Vents d&#039;Anches\" \/>\n<meta property=\"article:published_time\" content=\"2021-09-08T11:12:14+00:00\" \/>\n<meta property=\"article:modified_time\" content=\"2022-06-07T11:29:50+00:00\" \/>\n<meta property=\"og:image\" content=\"http:\/\/www.lesventsdanches.fr\/wp-content\/uploads\/2021\/09\/Journee-europeenne-patrimoine-programme-eglise-Marville-Moutiers-Brule.png\" \/>\n<meta name=\"author\" content=\"Les Vents d&#039;Anches\" \/>\n<meta name=\"twitter:label1\" content=\"\u00c9crit par\" \/>\n\t<meta name=\"twitter:data1\" content=\"Les Vents d'Anches\" \/>\n\t<meta name=\"twitter:label2\" content=\"Dur\u00e9e de lecture estim\u00e9e\" \/>\n\t<meta name=\"twitter:data2\" content=\"1 minute\" \/>\n<script type=\"application\/ld+json\" class=\"yoast-schema-graph\">{\"@context\":\"https:\/\/schema.org\",\"@graph\":[{\"@type\":\"WebPage\",\"@id\":\"http:\/\/www.lesventsdanches.fr\/ensemble-de-clarinettes\/journees-patrimoine-marville\/\",\"url\":\"http:\/\/www.lesventsdanches.fr\/ensemble-de-clarinettes\/journees-patrimoine-marville\/\",\"name\":\"Journ\u00e9es du Patrimoine \u00e0 Marville-Moutiers-Br\u00fbl\u00e9 - Les Vents d&#039;Anches\",\"isPartOf\":{\"@id\":\"http:\/\/www.lesventsdanches.fr\/ensemble-de-clarinettes\/#website\"},\"datePublished\":\"2021-09-08T11:12:14+00:00\",\"dateModified\":\"2022-06-07T11:29:50+00:00\",\"author\":{\"@id\":\"http:\/\/www.lesventsdanches.fr\/ensemble-de-clarinettes\/#\/schema\/person\/d623e7f40728f1b29e49c626fdb515d7\"},\"description\":\"Journ\u00e9es du Patrimoine 2021. RDV pour 1h de musique \u00e0 la clarinette le samedi 18 septembre 2021 \u00e0 14h \u00e0 l'\u00e9glise Saint-Pierre de Marville-Moutiers-Br\u00fbl\u00e9.\",\"breadcrumb\":{\"@id\":\"http:\/\/www.lesventsdanches.fr\/ensemble-de-clarinettes\/journees-patrimoine-marville\/#breadcrumb\"},\"inLanguage\":\"fr-FR\",\"potentialAction\":[{\"@type\":\"ReadAction\",\"target\":[\"http:\/\/www.lesventsdanches.fr\/ensemble-de-clarinettes\/journees-patrimoine-marville\/\"]}]},{\"@type\":\"BreadcrumbList\",\"@id\":\"http:\/\/www.lesventsdanches.fr\/ensemble-de-clarinettes\/journees-patrimoine-marville\/#breadcrumb\",\"itemListElement\":[{\"@type\":\"ListItem\",\"position\":1,\"name\":\"Accueil\",\"item\":\"http:\/\/www.lesventsdanches.fr\/ensemble-de-clarinettes\/\"},{\"@type\":\"ListItem\",\"position\":2,\"name\":\"Journ\u00e9es du Patrimoine \u00e0 Marville-Moutiers-Br\u00fbl\u00e9\"}]},{\"@type\":\"WebSite\",\"@id\":\"http:\/\/www.lesventsdanches.fr\/ensemble-de-clarinettes\/#website\",\"url\":\"http:\/\/www.lesventsdanches.fr\/ensemble-de-clarinettes\/\",\"name\":\"Les Vents d&#039;Anches\",\"description\":\"Ensemble de clarinettes\",\"potentialAction\":[{\"@type\":\"SearchAction\",\"target\":{\"@type\":\"EntryPoint\",\"urlTemplate\":\"http:\/\/www.lesventsdanches.fr\/ensemble-de-clarinettes\/?s={search_term_string}\"},\"query-input\":\"required name=search_term_string\"}],\"inLanguage\":\"fr-FR\"},{\"@type\":\"Person\",\"@id\":\"http:\/\/www.lesventsdanches.fr\/ensemble-de-clarinettes\/#\/schema\/person\/d623e7f40728f1b29e49c626fdb515d7\",\"name\":\"Les Vents d'Anches\",\"image\":{\"@type\":\"ImageObject\",\"inLanguage\":\"fr-FR\",\"@id\":\"http:\/\/www.lesventsdanches.fr\/ensemble-de-clarinettes\/#\/schema\/person\/image\/\",\"url\":\"https:\/\/secure.gravatar.com\/avatar\/48aaf4fc1d9f8e02fa35d7cd176452855885b2c4ad8558c3e976beb9005d2963?s=96&d=mm&r=g\",\"contentUrl\":\"https:\/\/secure.gravatar.com\/avatar\/48aaf4fc1d9f8e02fa35d7cd176452855885b2c4ad8558c3e976beb9005d2963?s=96&d=mm&r=g\",\"caption\":\"Les Vents d'Anches\"},\"sameAs\":[\"http:\/\/www.lesventsdanches.fr\",\"https:\/\/twitter.com\/lesventsdanches\"]}]}<\/script>\n<!-- \/ Yoast SEO plugin. -->","yoast_head_json":{"title":"Journ\u00e9es du Patrimoine \u00e0 Marville-Moutiers-Br\u00fbl\u00e9 - Les Vents d&#039;Anches","description":"Journ\u00e9es du Patrimoine 2021. RDV pour 1h de musique \u00e0 la clarinette le samedi 18 septembre 2021 \u00e0 14h \u00e0 l'\u00e9glise Saint-Pierre de Marville-Moutiers-Br\u00fbl\u00e9.","robots":{"index":"index","follow":"follow","max-snippet":"max-snippet:-1","max-image-preview":"max-image-preview:large","max-video-preview":"max-video-preview:-1"},"canonical":"http:\/\/www.lesventsdanches.fr\/ensemble-de-clarinettes\/journees-patrimoine-marville\/","og_locale":"fr_FR","og_type":"article","og_title":"Journ\u00e9es du Patrimoine \u00e0 Marville-Moutiers-Br\u00fbl\u00e9 - Les Vents d&#039;Anches","og_description":"Journ\u00e9es du Patrimoine 2021. RDV pour 1h de musique \u00e0 la clarinette le samedi 18 septembre 2021 \u00e0 14h \u00e0 l'\u00e9glise Saint-Pierre de Marville-Moutiers-Br\u00fbl\u00e9.","og_url":"http:\/\/www.lesventsdanches.fr\/ensemble-de-clarinettes\/journees-patrimoine-marville\/","og_site_name":"Les Vents d&#039;Anches","article_published_time":"2021-09-08T11:12:14+00:00","article_modified_time":"2022-06-07T11:29:50+00:00","og_image":[{"url":"http:\/\/www.lesventsdanches.fr\/wp-content\/uploads\/2021\/09\/Journee-europeenne-patrimoine-programme-eglise-Marville-Moutiers-Brule.png"}],"author":"Les Vents d'Anches","twitter_misc":{"\u00c9crit par":"Les Vents d'Anches","Dur\u00e9e de lecture estim\u00e9e":"1 minute"},"schema":{"@context":"https:\/\/schema.org","@graph":[{"@type":"WebPage","@id":"http:\/\/www.lesventsdanches.fr\/ensemble-de-clarinettes\/journees-patrimoine-marville\/","url":"http:\/\/www.lesventsdanches.fr\/ensemble-de-clarinettes\/journees-patrimoine-marville\/","name":"Journ\u00e9es du Patrimoine \u00e0 Marville-Moutiers-Br\u00fbl\u00e9 - Les Vents d&#039;Anches","isPartOf":{"@id":"http:\/\/www.lesventsdanches.fr\/ensemble-de-clarinettes\/#website"},"datePublished":"2021-09-08T11:12:14+00:00","dateModified":"2022-06-07T11:29:50+00:00","author":{"@id":"http:\/\/www.lesventsdanches.fr\/ensemble-de-clarinettes\/#\/schema\/person\/d623e7f40728f1b29e49c626fdb515d7"},"description":"Journ\u00e9es du Patrimoine 2021. RDV pour 1h de musique \u00e0 la clarinette le samedi 18 septembre 2021 \u00e0 14h \u00e0 l'\u00e9glise Saint-Pierre de Marville-Moutiers-Br\u00fbl\u00e9.","breadcrumb":{"@id":"http:\/\/www.lesventsdanches.fr\/ensemble-de-clarinettes\/journees-patrimoine-marville\/#breadcrumb"},"inLanguage":"fr-FR","potentialAction":[{"@type":"ReadAction","target":["http:\/\/www.lesventsdanches.fr\/ensemble-de-clarinettes\/journees-patrimoine-marville\/"]}]},{"@type":"BreadcrumbList","@id":"http:\/\/www.lesventsdanches.fr\/ensemble-de-clarinettes\/journees-patrimoine-marville\/#breadcrumb","itemListElement":[{"@type":"ListItem","position":1,"name":"Accueil","item":"http:\/\/www.lesventsdanches.fr\/ensemble-de-clarinettes\/"},{"@type":"ListItem","position":2,"name":"Journ\u00e9es du Patrimoine \u00e0 Marville-Moutiers-Br\u00fbl\u00e9"}]},{"@type":"WebSite","@id":"http:\/\/www.lesventsdanches.fr\/ensemble-de-clarinettes\/#website","url":"http:\/\/www.lesventsdanches.fr\/ensemble-de-clarinettes\/","name":"Les Vents d&#039;Anches","description":"Ensemble de clarinettes","potentialAction":[{"@type":"SearchAction","target":{"@type":"EntryPoint","urlTemplate":"http:\/\/www.lesventsdanches.fr\/ensemble-de-clarinettes\/?s={search_term_string}"},"query-input":"required name=search_term_string"}],"inLanguage":"fr-FR"},{"@type":"Person","@id":"http:\/\/www.lesventsdanches.fr\/ensemble-de-clarinettes\/#\/schema\/person\/d623e7f40728f1b29e49c626fdb515d7","name":"Les Vents d'Anches","image":{"@type":"ImageObject","inLanguage":"fr-FR","@id":"http:\/\/www.lesventsdanches.fr\/ensemble-de-clarinettes\/#\/schema\/person\/image\/","url":"https:\/\/secure.gravatar.com\/avatar\/48aaf4fc1d9f8e02fa35d7cd176452855885b2c4ad8558c3e976beb9005d2963?s=96&d=mm&r=g","contentUrl":"https:\/\/secure.gravatar.com\/avatar\/48aaf4fc1d9f8e02fa35d7cd176452855885b2c4ad8558c3e976beb9005d2963?s=96&d=mm&r=g","caption":"Les Vents d'Anches"},"sameAs":["http:\/\/www.lesventsdanches.fr","https:\/\/twitter.com\/lesventsdanches"]}]}},"jetpack_featured_media_url":"","jetpack_sharing_enabled":true,"jetpack_shortlink":"https:\/\/wp.me\/p8bxUG-gU","_links":{"self":[{"href":"http:\/\/www.lesventsdanches.fr\/ensemble-de-clarinettes\/wp-json\/wp\/v2\/posts\/1048","targetHints":{"allow":["GET"]}}],"collection":[{"href":"http:\/\/www.lesventsdanches.fr\/ensemble-de-clarinettes\/wp-json\/wp\/v2\/posts"}],"about":[{"href":"http:\/\/www.lesventsdanches.fr\/ensemble-de-clarinettes\/wp-json\/wp\/v2\/types\/post"}],"author":[{"embeddable":true,"href":"http:\/\/www.lesventsdanches.fr\/ensemble-de-clarinettes\/wp-json\/wp\/v2\/users\/2"}],"replies":[{"embeddable":true,"href":"http:\/\/www.lesventsdanches.fr\/ensemble-de-clarinettes\/wp-json\/wp\/v2\/comments?post=1048"}],"version-history":[{"count":6,"href":"http:\/\/www.lesventsdanches.fr\/ensemble-de-clarinettes\/wp-json\/wp\/v2\/posts\/1048\/revisions"}],"predecessor-version":[{"id":1056,"href":"http:\/\/www.lesventsdanches.fr\/ensemble-de-clarinettes\/wp-json\/wp\/v2\/posts\/1048\/revisions\/1056"}],"wp:attachment":[{"href":"http:\/\/www.lesventsdanches.fr\/ensemble-de-clarinettes\/wp-json\/wp\/v2\/media?parent=1048"}],"wp:term":[{"taxonomy":"category","embeddable":true,"href":"http:\/\/www.lesventsdanches.fr\/ensemble-de-clarinettes\/wp-json\/wp\/v2\/categories?post=1048"},{"taxonomy":"post_tag","embeddable":true,"href":"http:\/\/www.lesventsdanches.fr\/ensemble-de-clarinettes\/wp-json\/wp\/v2\/tags?post=1048"}],"curies":[{"name":"wp","href":"https:\/\/api.w.org\/{rel}","templated":true}]}}