{"id":1018,"date":"2017-07-25T15:55:25","date_gmt":"2017-07-25T14:55:25","guid":{"rendered":"http:\/\/www.lesventsdanches.fr\/ensemble-de-clarinettes\/?p=1018"},"modified":"2017-07-25T15:55:25","modified_gmt":"2017-07-25T14:55:25","slug":"concert-a-blevy","status":"publish","type":"post","link":"http:\/\/www.lesventsdanches.fr\/ensemble-de-clarinettes\/concert-a-blevy\/","title":{"rendered":"Concert \u00e0 Bl\u00e9vy (\u00e9glise) 16 sept."},"content":{"rendered":"<h1><span style=\"color: #666699;\">Journ\u00e9es du Patrimoire 2017 \u00e0 Bl\u00e9vy<\/span><\/h1>\n<h2>Dans le cadre de ce week-end, l&rsquo;Association <a href=\"https:\/\/www.facebook.com\/profile.php?id=100011105087305\" target=\"_blank\" rel=\"noopener noreferrer\">Au Coeur de Nos Villages<\/a>\u00a0organise un concert dans l&rsquo;\u00e9glise de Bl\u00e9vy le 16 septembre prochain.<\/h2>\n<p>C&rsquo;est avec un plaisir que notre prestation se d\u00e9roulera \u00e0 partir de <strong><span style=\"color: #666699;\">20h30<\/span><\/strong>. \u00a0L&rsquo;entr\u00e9e sera\u00a0de\u00a05\u20ac et gratuite pour les enfants de moins de 12 ans.<\/p>\n<p>A cette occasion nous reprendrons notamment <em>L&rsquo;Italienne \u00e0 Alger<\/em> de Rossini &#8230;<\/p>\n<p>Lieu : Eglise de Bl\u00e9vy<\/p>\n<p>Venez nombreux !<\/p>\n<p><em>Ci-apr\u00e8s <a href=\"http:\/\/www.lesventsdanches.fr\/wp-content\/uploads\/2017\/07\/CONCERT-16-SEPT-17-AFFICHE.pdf\">l&rsquo;affiche <\/a>du concert.<\/em><\/p>\n<p><a href=\"http:\/\/www.lesventsdanches.fr\/wp-content\/uploads\/2017\/07\/AFFICHE-CONCERT-CLARINETTES-BLEVY-16-SEPTEMBRE-2017-PATRIMOINE.jpg\" target=\"_blank\" rel=\"noopener noreferrer\"><img loading=\"lazy\" decoding=\"async\" class=\"alignleft wp-image-1020 size-full\" title=\"AFFICHE CONCERT CLARINETTES BLEVY 16 SEPTEMBRE 2017 PATRIMOINE\" src=\"http:\/\/www.lesventsdanches.fr\/wp-content\/uploads\/2017\/07\/AFFICHE-CONCERT-CLARINETTES-BLEVY-16-SEPTEMBRE-2017-PATRIMOINE.jpg\" alt=\"AFFICHE CONCERT CLARINETTES BLEVY 16 SEPTEMBRE 2017 PATRIMOINE\" width=\"356\" height=\"501\" srcset=\"http:\/\/www.lesventsdanches.fr\/wp-content\/uploads\/2017\/07\/AFFICHE-CONCERT-CLARINETTES-BLEVY-16-SEPTEMBRE-2017-PATRIMOINE.jpg 356w, http:\/\/www.lesventsdanches.fr\/wp-content\/uploads\/2017\/07\/AFFICHE-CONCERT-CLARINETTES-BLEVY-16-SEPTEMBRE-2017-PATRIMOINE-213x300.jpg 213w\" sizes=\"auto, (max-width: 356px) 100vw, 356px\" \/><\/a><\/p>\n<div id=\"wp_fb_like_button\" style=\"margin:5px 5px 5px 0;float:left;height:100px;\"><script src=\"http:\/\/connect.facebook.net\/en_US\/all.js#xfbml=1\"><\/script><fb:like href=\"http:\/\/www.lesventsdanches.fr\/ensemble-de-clarinettes\/concert-a-blevy\/\" send=\"true\" layout=\"standard\" width=\"400\" show_faces=\"false\" font=\"arial\" action=\"like\" colorscheme=\"light\"><\/fb:like><\/div>","protected":false},"excerpt":{"rendered":"<p>Journ\u00e9es du Patrimoire 2017 \u00e0 Bl\u00e9vy Dans le cadre de ce week-end, l&rsquo;Association Au Coeur de Nos Villages\u00a0organise un concert dans l&rsquo;\u00e9glise de Bl\u00e9vy le 16 septembre prochain. C&rsquo;est avec un plaisir que notre prestation se d\u00e9roulera \u00e0 partir de 20h30. \u00a0L&rsquo;entr\u00e9e sera\u00a0de\u00a05\u20ac et gratuite pour les enfants de moins de 12 ans. A cette [&hellip;]<\/p>\n","protected":false},"author":2,"featured_media":0,"comment_status":"closed","ping_status":"open","sticky":false,"template":"","format":"standard","meta":{"jetpack_post_was_ever_published":false,"_jetpack_newsletter_access":"","_jetpack_dont_email_post_to_subs":false,"_jetpack_newsletter_tier_id":0,"footnotes":"","jetpack_publicize_message":"","jetpack_publicize_feature_enabled":true,"jetpack_social_post_already_shared":true,"jetpack_social_options":{"image_generator_settings":{"template":"highway","enabled":false}}},"categories":[3],"tags":[33,12,31],"class_list":["post-1018","post","type-post","status-publish","format-standard","hentry","category-concert","tag-blevy","tag-eglise","tag-journees-du-patrimoine"],"jetpack_publicize_connections":[],"yoast_head":"<!-- This site is optimized with the Yoast SEO plugin v22.1 - https:\/\/yoast.com\/wordpress\/plugins\/seo\/ -->\n<title>Concert \u00e0 Bl\u00e9vy (\u00e9glise) 16 sept. - Les Vents d&#039;Anches<\/title>\n<meta name=\"description\" content=\"Dans le cadre des Journ\u00e9es du Patrimoine, l&#039;Association Au Coeur de Nos Villages organise un concert de Clarinettes en l&#039;Eglise de Bl\u00e9vy le 16 sept. 2017.\" \/>\n<meta name=\"robots\" content=\"index, follow, max-snippet:-1, max-image-preview:large, max-video-preview:-1\" \/>\n<link rel=\"canonical\" href=\"http:\/\/www.lesventsdanches.fr\/ensemble-de-clarinettes\/concert-a-blevy\/\" \/>\n<meta property=\"og:locale\" content=\"fr_FR\" \/>\n<meta property=\"og:type\" content=\"article\" \/>\n<meta property=\"og:title\" content=\"Concert \u00e0 Bl\u00e9vy (\u00e9glise) 16 sept. - Les Vents d&#039;Anches\" \/>\n<meta property=\"og:description\" content=\"Dans le cadre des Journ\u00e9es du Patrimoine, l&#039;Association Au Coeur de Nos Villages organise un concert de Clarinettes en l&#039;Eglise de Bl\u00e9vy le 16 sept. 2017.\" \/>\n<meta property=\"og:url\" content=\"http:\/\/www.lesventsdanches.fr\/ensemble-de-clarinettes\/concert-a-blevy\/\" \/>\n<meta property=\"og:site_name\" content=\"Les Vents d&#039;Anches\" \/>\n<meta property=\"article:published_time\" content=\"2017-07-25T14:55:25+00:00\" \/>\n<meta property=\"og:image\" content=\"http:\/\/www.lesventsdanches.fr\/wp-content\/uploads\/2017\/07\/AFFICHE-CONCERT-CLARINETTES-BLEVY-16-SEPTEMBRE-2017-PATRIMOINE.jpg\" \/>\n<meta name=\"author\" content=\"Les Vents d&#039;Anches\" \/>\n<meta name=\"twitter:label1\" content=\"\u00c9crit par\" \/>\n\t<meta name=\"twitter:data1\" content=\"Les Vents d'Anches\" \/>\n<script type=\"application\/ld+json\" class=\"yoast-schema-graph\">{\"@context\":\"https:\/\/schema.org\",\"@graph\":[{\"@type\":\"WebPage\",\"@id\":\"http:\/\/www.lesventsdanches.fr\/ensemble-de-clarinettes\/concert-a-blevy\/\",\"url\":\"http:\/\/www.lesventsdanches.fr\/ensemble-de-clarinettes\/concert-a-blevy\/\",\"name\":\"Concert \u00e0 Bl\u00e9vy (\u00e9glise) 16 sept. - Les Vents d&#039;Anches\",\"isPartOf\":{\"@id\":\"http:\/\/www.lesventsdanches.fr\/ensemble-de-clarinettes\/#website\"},\"datePublished\":\"2017-07-25T14:55:25+00:00\",\"dateModified\":\"2017-07-25T14:55:25+00:00\",\"author\":{\"@id\":\"http:\/\/www.lesventsdanches.fr\/ensemble-de-clarinettes\/#\/schema\/person\/d623e7f40728f1b29e49c626fdb515d7\"},\"description\":\"Dans le cadre des Journ\u00e9es du Patrimoine, l'Association Au Coeur de Nos Villages organise un concert de Clarinettes en l'Eglise de Bl\u00e9vy le 16 sept. 2017.\",\"breadcrumb\":{\"@id\":\"http:\/\/www.lesventsdanches.fr\/ensemble-de-clarinettes\/concert-a-blevy\/#breadcrumb\"},\"inLanguage\":\"fr-FR\",\"potentialAction\":[{\"@type\":\"ReadAction\",\"target\":[\"http:\/\/www.lesventsdanches.fr\/ensemble-de-clarinettes\/concert-a-blevy\/\"]}]},{\"@type\":\"BreadcrumbList\",\"@id\":\"http:\/\/www.lesventsdanches.fr\/ensemble-de-clarinettes\/concert-a-blevy\/#breadcrumb\",\"itemListElement\":[{\"@type\":\"ListItem\",\"position\":1,\"name\":\"Accueil\",\"item\":\"http:\/\/www.lesventsdanches.fr\/ensemble-de-clarinettes\/\"},{\"@type\":\"ListItem\",\"position\":2,\"name\":\"Concert \u00e0 Bl\u00e9vy (\u00e9glise) 16 sept.\"}]},{\"@type\":\"WebSite\",\"@id\":\"http:\/\/www.lesventsdanches.fr\/ensemble-de-clarinettes\/#website\",\"url\":\"http:\/\/www.lesventsdanches.fr\/ensemble-de-clarinettes\/\",\"name\":\"Les Vents d&#039;Anches\",\"description\":\"Ensemble de clarinettes\",\"potentialAction\":[{\"@type\":\"SearchAction\",\"target\":{\"@type\":\"EntryPoint\",\"urlTemplate\":\"http:\/\/www.lesventsdanches.fr\/ensemble-de-clarinettes\/?s={search_term_string}\"},\"query-input\":\"required name=search_term_string\"}],\"inLanguage\":\"fr-FR\"},{\"@type\":\"Person\",\"@id\":\"http:\/\/www.lesventsdanches.fr\/ensemble-de-clarinettes\/#\/schema\/person\/d623e7f40728f1b29e49c626fdb515d7\",\"name\":\"Les Vents d'Anches\",\"image\":{\"@type\":\"ImageObject\",\"inLanguage\":\"fr-FR\",\"@id\":\"http:\/\/www.lesventsdanches.fr\/ensemble-de-clarinettes\/#\/schema\/person\/image\/\",\"url\":\"https:\/\/secure.gravatar.com\/avatar\/48aaf4fc1d9f8e02fa35d7cd176452855885b2c4ad8558c3e976beb9005d2963?s=96&d=mm&r=g\",\"contentUrl\":\"https:\/\/secure.gravatar.com\/avatar\/48aaf4fc1d9f8e02fa35d7cd176452855885b2c4ad8558c3e976beb9005d2963?s=96&d=mm&r=g\",\"caption\":\"Les Vents d'Anches\"},\"sameAs\":[\"http:\/\/www.lesventsdanches.fr\",\"https:\/\/twitter.com\/lesventsdanches\"]}]}<\/script>\n<!-- \/ Yoast SEO plugin. -->","yoast_head_json":{"title":"Concert \u00e0 Bl\u00e9vy (\u00e9glise) 16 sept. - Les Vents d&#039;Anches","description":"Dans le cadre des Journ\u00e9es du Patrimoine, l'Association Au Coeur de Nos Villages organise un concert de Clarinettes en l'Eglise de Bl\u00e9vy le 16 sept. 2017.","robots":{"index":"index","follow":"follow","max-snippet":"max-snippet:-1","max-image-preview":"max-image-preview:large","max-video-preview":"max-video-preview:-1"},"canonical":"http:\/\/www.lesventsdanches.fr\/ensemble-de-clarinettes\/concert-a-blevy\/","og_locale":"fr_FR","og_type":"article","og_title":"Concert \u00e0 Bl\u00e9vy (\u00e9glise) 16 sept. - Les Vents d&#039;Anches","og_description":"Dans le cadre des Journ\u00e9es du Patrimoine, l'Association Au Coeur de Nos Villages organise un concert de Clarinettes en l'Eglise de Bl\u00e9vy le 16 sept. 2017.","og_url":"http:\/\/www.lesventsdanches.fr\/ensemble-de-clarinettes\/concert-a-blevy\/","og_site_name":"Les Vents d&#039;Anches","article_published_time":"2017-07-25T14:55:25+00:00","og_image":[{"url":"http:\/\/www.lesventsdanches.fr\/wp-content\/uploads\/2017\/07\/AFFICHE-CONCERT-CLARINETTES-BLEVY-16-SEPTEMBRE-2017-PATRIMOINE.jpg"}],"author":"Les Vents d'Anches","twitter_misc":{"\u00c9crit par":"Les Vents d'Anches"},"schema":{"@context":"https:\/\/schema.org","@graph":[{"@type":"WebPage","@id":"http:\/\/www.lesventsdanches.fr\/ensemble-de-clarinettes\/concert-a-blevy\/","url":"http:\/\/www.lesventsdanches.fr\/ensemble-de-clarinettes\/concert-a-blevy\/","name":"Concert \u00e0 Bl\u00e9vy (\u00e9glise) 16 sept. - Les Vents d&#039;Anches","isPartOf":{"@id":"http:\/\/www.lesventsdanches.fr\/ensemble-de-clarinettes\/#website"},"datePublished":"2017-07-25T14:55:25+00:00","dateModified":"2017-07-25T14:55:25+00:00","author":{"@id":"http:\/\/www.lesventsdanches.fr\/ensemble-de-clarinettes\/#\/schema\/person\/d623e7f40728f1b29e49c626fdb515d7"},"description":"Dans le cadre des Journ\u00e9es du Patrimoine, l'Association Au Coeur de Nos Villages organise un concert de Clarinettes en l'Eglise de Bl\u00e9vy le 16 sept. 2017.","breadcrumb":{"@id":"http:\/\/www.lesventsdanches.fr\/ensemble-de-clarinettes\/concert-a-blevy\/#breadcrumb"},"inLanguage":"fr-FR","potentialAction":[{"@type":"ReadAction","target":["http:\/\/www.lesventsdanches.fr\/ensemble-de-clarinettes\/concert-a-blevy\/"]}]},{"@type":"BreadcrumbList","@id":"http:\/\/www.lesventsdanches.fr\/ensemble-de-clarinettes\/concert-a-blevy\/#breadcrumb","itemListElement":[{"@type":"ListItem","position":1,"name":"Accueil","item":"http:\/\/www.lesventsdanches.fr\/ensemble-de-clarinettes\/"},{"@type":"ListItem","position":2,"name":"Concert \u00e0 Bl\u00e9vy (\u00e9glise) 16 sept."}]},{"@type":"WebSite","@id":"http:\/\/www.lesventsdanches.fr\/ensemble-de-clarinettes\/#website","url":"http:\/\/www.lesventsdanches.fr\/ensemble-de-clarinettes\/","name":"Les Vents d&#039;Anches","description":"Ensemble de clarinettes","potentialAction":[{"@type":"SearchAction","target":{"@type":"EntryPoint","urlTemplate":"http:\/\/www.lesventsdanches.fr\/ensemble-de-clarinettes\/?s={search_term_string}"},"query-input":"required name=search_term_string"}],"inLanguage":"fr-FR"},{"@type":"Person","@id":"http:\/\/www.lesventsdanches.fr\/ensemble-de-clarinettes\/#\/schema\/person\/d623e7f40728f1b29e49c626fdb515d7","name":"Les Vents d'Anches","image":{"@type":"ImageObject","inLanguage":"fr-FR","@id":"http:\/\/www.lesventsdanches.fr\/ensemble-de-clarinettes\/#\/schema\/person\/image\/","url":"https:\/\/secure.gravatar.com\/avatar\/48aaf4fc1d9f8e02fa35d7cd176452855885b2c4ad8558c3e976beb9005d2963?s=96&d=mm&r=g","contentUrl":"https:\/\/secure.gravatar.com\/avatar\/48aaf4fc1d9f8e02fa35d7cd176452855885b2c4ad8558c3e976beb9005d2963?s=96&d=mm&r=g","caption":"Les Vents d'Anches"},"sameAs":["http:\/\/www.lesventsdanches.fr","https:\/\/twitter.com\/lesventsdanches"]}]}},"jetpack_featured_media_url":"","jetpack_sharing_enabled":true,"jetpack_shortlink":"https:\/\/wp.me\/p8bxUG-gq","_links":{"self":[{"href":"http:\/\/www.lesventsdanches.fr\/ensemble-de-clarinettes\/wp-json\/wp\/v2\/posts\/1018","targetHints":{"allow":["GET"]}}],"collection":[{"href":"http:\/\/www.lesventsdanches.fr\/ensemble-de-clarinettes\/wp-json\/wp\/v2\/posts"}],"about":[{"href":"http:\/\/www.lesventsdanches.fr\/ensemble-de-clarinettes\/wp-json\/wp\/v2\/types\/post"}],"author":[{"embeddable":true,"href":"http:\/\/www.lesventsdanches.fr\/ensemble-de-clarinettes\/wp-json\/wp\/v2\/users\/2"}],"replies":[{"embeddable":true,"href":"http:\/\/www.lesventsdanches.fr\/ensemble-de-clarinettes\/wp-json\/wp\/v2\/comments?post=1018"}],"version-history":[{"count":1,"href":"http:\/\/www.lesventsdanches.fr\/ensemble-de-clarinettes\/wp-json\/wp\/v2\/posts\/1018\/revisions"}],"predecessor-version":[{"id":1021,"href":"http:\/\/www.lesventsdanches.fr\/ensemble-de-clarinettes\/wp-json\/wp\/v2\/posts\/1018\/revisions\/1021"}],"wp:attachment":[{"href":"http:\/\/www.lesventsdanches.fr\/ensemble-de-clarinettes\/wp-json\/wp\/v2\/media?parent=1018"}],"wp:term":[{"taxonomy":"category","embeddable":true,"href":"http:\/\/www.lesventsdanches.fr\/ensemble-de-clarinettes\/wp-json\/wp\/v2\/categories?post=1018"},{"taxonomy":"post_tag","embeddable":true,"href":"http:\/\/www.lesventsdanches.fr\/ensemble-de-clarinettes\/wp-json\/wp\/v2\/tags?post=1018"}],"curies":[{"name":"wp","href":"https:\/\/api.w.org\/{rel}","templated":true}]}}